{"id":1380755,"date":"2019-12-19T08:00:00","date_gmt":"2019-12-19T07:00:00","guid":{"rendered":"https:\/\/nosamed.com\/mfn_news\/frisq-frisq-tecknar-nytt-avtal-med-vardgivaren-cereb\/"},"modified":"2019-12-19T08:00:00","modified_gmt":"2019-12-19T07:00:00","slug":"frisq-frisq-tecknar-nytt-avtal-med-vardgivaren-cereb","status":"publish","type":"mfn_news","link":"https:\/\/nosaplugs.com\/sv\/blog\/mfn_news\/frisq-frisq-tecknar-nytt-avtal-med-vardgivaren-cereb\/","title":{"rendered":"Frisq: FRISQ tecknar nytt avtal med v\u00e5rdgivaren Cereb"},"content":{"rendered":"<div class=\"mfn-preamble\"><strong><\/p>\n<p>Idag st\u00e5r det klart att FRISQ tecknar ett nytt avtal med Cereb &#8211; en privat v\u00e5rdgivare med verksamhet i Stockholm, Uppsala, Helsingborg och snart \u00e4ven i Malm\u00f6.<\/p>\n<p><\/strong><\/div>\n<p>Cereb \u00e4r en ledande v\u00e5rdgivare med specialistkompetens inom neuropsykiatri och har ett 80-tal medarbetare. De har ett uttalat m\u00e5l att v\u00e4xa f\u00f6r att kunna hj\u00e4lpa fler och FRISQ Care ses som ett viktigt verktyg f\u00f6r att n\u00e5 m\u00e5len.<br \/>\u00a0<br \/>&#34;Investeringen i tj\u00e4nsten FRISQ Care \u00e4r ett s\u00e4tt att lyfta kvalitet och leverans ett steg till &#8211; och det k\u00e4nns v\u00e4ldigt sp\u00e4nnande att snart komma ig\u00e5ng med arbetet&#34;, s\u00e4ger VD Harald Wessman i en kommentar.<br \/>\u00a0<br \/>&#34;Att Cereb, med s\u00e5 h\u00f6ga kvalitetskrav v\u00e4ljer FRISQ Care f\u00f6r att utveckla och v\u00e4xa verksamheten k\u00e4nns v\u00e4ldigt roligt, och inneb\u00e4r ytterligare ett kvitto p\u00e5 de stora v\u00e4rden som skapas f\u00f6r v\u00e5rdgivare och patienter av tj\u00e4nsten&#34; s\u00e4ger Hampus Edin, ansvarig s\u00e4ljare p\u00e5 FRISQ.<\/p>\n<p>Inf\u00f6randet av FRISQ Care p\u00e5b\u00f6rjas under f\u00f6rsta kvartalet 2020.\u00a0<br \/>\u00a0<\/p>\n<div class=\"mfn-footer\"><hl2>F\u00f6r ytterligare information:<\/hl2><\/p>\n<p>Martin Irding, VD FRISQ<br \/>Tel: +46 (0)8\u00a0120\u00a0131 21<br \/><virtloc>martin.irding@frisq.se<\/virtloc><\/p>\n<\/div>\n<script>\n                Array.prototype.slice.call(document.querySelectorAll(\".mfn-footer.mfn-attachment\")).forEach(function (el) { el.remove() });\n            <\/script>\n        <div class=\"mfn-attachments-container\"><div class=\"mfn-attachment\"><a class=\"mfn-attachment-link\" href=\"https:\/\/storage.mfn.se\/proxy\/pdf.pdf?url=https%3A%2F%2Fmb.cision.com%2FMain%2F14894%2F2994941%2F1164415.pdf\"><span class=\"mfn-attachment-icon\"><img decoding=\"async\" src=\"https:\/\/storage.mfn.se\/proxy\/pdf.pdf?url=https%3A%2F%2Fmb.cision.com%2FMain%2F14894%2F2994941%2F1164415.pdf&type=jpg\"><\/span>PDF<\/a><\/div><\/div>","protected":false},"excerpt":{"rendered":"<p>Idag st\u00e5r det klart att FRISQ tecknar ett nytt avtal med Cereb &#8211; en privat v\u00e5rdgivare med verksamhet i Stockholm, Uppsala, Helsingborg och snart \u00e4ven i Malm\u00f6. Cereb \u00e4r en ledande v\u00e5rdgivare med specialistkompetens inom neuropsykiatri och har ett 80-tal medarbetare. De har ett uttalat m\u00e5l att v\u00e4xa f\u00f6r att kunna hj\u00e4lpa fler och FRISQ &hellip;<\/p>\n","protected":false},"template":"","class_list":["post-1380755","mfn_news","type-mfn_news","status-publish","hentry","mfn-news-tag-mfn-arkiv-press-frisq-holding_sv","mfn-news-tag-mfn-ci_sv","mfn-news-tag-mfn-ci-gm_sv","mfn-news-tag-mfn-type-ir_sv","mfn-news-tag-mfn_sv","mfn-news-tag-mfn-ci-gm-info_sv","mfn-news-tag-mfn-lang-sv_sv"],"acf":[],"aioseo_notices":[],"_links":{"self":[{"href":"https:\/\/nosaplugs.com\/sv\/wp-json\/wp\/v2\/mfn_news\/1380755","targetHints":{"allow":["GET"]}}],"collection":[{"href":"https:\/\/nosaplugs.com\/sv\/wp-json\/wp\/v2\/mfn_news"}],"about":[{"href":"https:\/\/nosaplugs.com\/sv\/wp-json\/wp\/v2\/types\/mfn_news"}],"version-history":[{"count":0,"href":"https:\/\/nosaplugs.com\/sv\/wp-json\/wp\/v2\/mfn_news\/1380755\/revisions"}],"wp:attachment":[{"href":"https:\/\/nosaplugs.com\/sv\/wp-json\/wp\/v2\/media?parent=1380755"}],"curies":[{"name":"wp","href":"https:\/\/api.w.org\/{rel}","templated":true}]}}