{"id":1380758,"date":"2019-11-14T08:00:00","date_gmt":"2019-11-14T07:00:00","guid":{"rendered":"https:\/\/nosamed.com\/mfn_news\/frisq-capio-och-frisq-tecknar-avtal-gallande-frisq-care\/"},"modified":"2019-11-14T08:00:00","modified_gmt":"2019-11-14T07:00:00","slug":"frisq-capio-och-frisq-tecknar-avtal-gallande-frisq-care","status":"publish","type":"mfn_news","link":"https:\/\/nosaplugs.com\/sv\/blog\/mfn_news\/frisq-capio-och-frisq-tecknar-avtal-gallande-frisq-care\/","title":{"rendered":"Frisq: Capio och FRISQ tecknar avtal g\u00e4llande FRISQ Care"},"content":{"rendered":"<div class=\"mfn-preamble\"><strong><\/p>\n<p>FRISQ har tecknat ett avtal med Capio kopplat till aff\u00e4rsomr\u00e5det &#34;\u00c4ldre och mobil v\u00e5rd&#34;. Avtalet r\u00f6r anv\u00e4ndning av tj\u00e4nsten FRISQ Care.<\/p>\n<p><\/strong><\/div>\n<p>Capio \u00e4r ett av Europas ledande h\u00e4lso- och sjukv\u00e5rdsf\u00f6retag. Aff\u00e4rsomr\u00e5det &#34;\u00c4ldre och mobil v\u00e5rd&#34; best\u00e5r av ca 900 medarbetare verksamma inom geriatrik, specialiserad slutenv\u00e5rdsrehabilitering, avancerad sjukv\u00e5rd i hemmet, specialiserad palliativ slutenv\u00e5rd, l\u00e4karbilar och l\u00e4kare i s\u00e4rskilda boenden f\u00f6r \u00e4ldre. Med start i b\u00f6rjan av 2020 kommer FRISQ Care att introduceras p\u00e5 tre verksamheter.<\/p>\n<p>&#34;Vi \u00e4r \u00f6vertygade om att vi kommer vilja ha denna typ av st\u00f6djande system i alla verksamheter fram\u00f6ver, och ser fram emot att se effekterna av FRISQ Care. Med moderna digitala verktyg skapas f\u00f6ruts\u00e4ttningar f\u00f6r oss att bedriva v\u00e5rd med \u00e4nnu h\u00f6gre kvalitet.&#34;, s\u00e4ger Thorleif Nilsen, aff\u00e4rsomr\u00e5deschef, Capio \u00c4ldre och mobil v\u00e5rd.<\/p>\n<p>FRISQs vd, Martin Irding, \u00e4r glad att Capio v\u00e4ljer att arbeta med FRISQ och lyfter tj\u00e4nstens m\u00e5ngsidighet som en f\u00f6rdel f\u00f6r en stor verksamhet som Capios.<\/p>\n<p>&#34;Vi ser mycket fram emot att bidra till v\u00e4rdeskapande i en stor och varierad verksamhet som Capio. I och med bredden i aff\u00e4rsomr\u00e5det \u00c4ldre och mobil v\u00e5rd kan alla olika delar av FRISQ Care till\u00e4mpas i flera olika v\u00e5rdsammanhang. Vi ser en stor potential i samarbetet.&#34;, s\u00e4ger Martin Irding, vd, FRISQ.<\/p>\n<p>Om Capio<br \/>Capio \u00e4r en del av ett av Europas ledande sjukv\u00e5rdsf\u00f6retag. Capio erbjuder ett brett v\u00e5rdutbud av h\u00f6g kvalitet inom medicin, kirurgi och psykiatri genom sina sjukhus, specialistkliniker och v\u00e5rdcentraler i Sverige, Norge, Danmark, Frankrike och Tyskland. Capio \u00e4r sedan november 2018 en del av Ramsay Sant\u00e9 och samg\u00e5endet skapar en ledande Europeisk v\u00e5rdgivare med en total oms\u00e4ttning om 3,8 miljarder EUR och cirka 36 000 medarbetare.<\/p>\n<div class=\"mfn-footer\"><hl2>F\u00f6r ytterligare information:<\/hl2><\/p>\n<p>Martin Irding, VD FRISQ<br \/>Tel: +46 (0)8\u00a0120\u00a0131 21<br \/><virtloc>martin.irding@frisq.se<\/virtloc><\/p>\n<\/div>\n<script>\n                Array.prototype.slice.call(document.querySelectorAll(\".mfn-footer.mfn-attachment\")).forEach(function (el) { el.remove() });\n            <\/script>\n        <div class=\"mfn-attachments-container\"><div class=\"mfn-attachment\"><a class=\"mfn-attachment-link\" href=\"https:\/\/storage.mfn.se\/proxy\/pdf.pdf?url=https%3A%2F%2Fmb.cision.com%2FMain%2F14894%2F2961078%2F1140954.pdf\"><span class=\"mfn-attachment-icon\"><img decoding=\"async\" src=\"https:\/\/storage.mfn.se\/proxy\/pdf.pdf?url=https%3A%2F%2Fmb.cision.com%2FMain%2F14894%2F2961078%2F1140954.pdf&type=jpg\"><\/span>PDF<\/a><\/div><\/div>","protected":false},"excerpt":{"rendered":"<p>FRISQ har tecknat ett avtal med Capio kopplat till aff\u00e4rsomr\u00e5det &#34;\u00c4ldre och mobil v\u00e5rd&#34;. Avtalet r\u00f6r anv\u00e4ndning av tj\u00e4nsten FRISQ Care. Capio \u00e4r ett av Europas ledande h\u00e4lso- och sjukv\u00e5rdsf\u00f6retag. Aff\u00e4rsomr\u00e5det &#34;\u00c4ldre och mobil v\u00e5rd&#34; best\u00e5r av ca 900 medarbetare verksamma inom geriatrik, specialiserad slutenv\u00e5rdsrehabilitering, avancerad sjukv\u00e5rd i hemmet, specialiserad palliativ slutenv\u00e5rd, l\u00e4karbilar och l\u00e4kare &hellip;<\/p>\n","protected":false},"template":"","class_list":["post-1380758","mfn_news","type-mfn_news","status-publish","hentry","mfn-news-tag-mfn-arkiv-press-frisq-holding_sv","mfn-news-tag-mfn-ci_sv","mfn-news-tag-mfn-ci-gm_sv","mfn-news-tag-mfn-type-ir_sv","mfn-news-tag-mfn_sv","mfn-news-tag-mfn-ci-gm-info_sv","mfn-news-tag-mfn-lang-sv_sv"],"acf":[],"aioseo_notices":[],"_links":{"self":[{"href":"https:\/\/nosaplugs.com\/sv\/wp-json\/wp\/v2\/mfn_news\/1380758","targetHints":{"allow":["GET"]}}],"collection":[{"href":"https:\/\/nosaplugs.com\/sv\/wp-json\/wp\/v2\/mfn_news"}],"about":[{"href":"https:\/\/nosaplugs.com\/sv\/wp-json\/wp\/v2\/types\/mfn_news"}],"version-history":[{"count":0,"href":"https:\/\/nosaplugs.com\/sv\/wp-json\/wp\/v2\/mfn_news\/1380758\/revisions"}],"wp:attachment":[{"href":"https:\/\/nosaplugs.com\/sv\/wp-json\/wp\/v2\/media?parent=1380758"}],"curies":[{"name":"wp","href":"https:\/\/api.w.org\/{rel}","templated":true}]}}