{"id":1384941,"date":"2019-11-29T16:09:46","date_gmt":"2019-11-29T15:09:46","guid":{"rendered":"https:\/\/nosamed.com\/?post_type=mfn_news&amp;p=1384941"},"modified":"2019-11-29T16:09:46","modified_gmt":"2019-11-29T15:09:46","slug":"frisqs-presentation-fran-stora-aktiedagen-2019","status":"publish","type":"mfn_news","link":"https:\/\/nosaplugs.com\/sv\/blog\/mfn_news\/frisqs-presentation-fran-stora-aktiedagen-2019\/","title":{"rendered":"FRISQs presentation fr\u00e5n Stora Aktiedagen 2019"},"content":{"rendered":"<p><b>Den 25e november deltog FRISQ p\u00e5 Aktiespararnas evenemang Stora Aktiedagen d\u00e4r bolagets vd Martin Irding presenterade FRISQ:s unika position p\u00e5 marknaden, hur Sveriges regioner sj\u00e4lva formulerat behovet av en produkt som FRISQ och om varf\u00f6r 2020 blir ett s\u00e5 h\u00e4ndelserikt \u00e5r.&nbsp;<\/b><\/p>\n<p>Under dagen presenterade Martin Irding FRISQ:s produkt och ber\u00e4ttade om hur den som f\u00f6rsta mjukvara i v\u00e4rlden kopplar ihop hela v\u00e5rdkedjan och patienten p\u00e5 en interaktiv och smart plattform. Mjukvaran ger v\u00e5rden m\u00f6jlighet att gemensamt jobba i samma v\u00e5rdplan, n\u00e5got som inneb\u00e4r att hela patientens v\u00e5rdresa blir \u00f6verblickbar och d\u00e4rmed inneb\u00e4r en mycket efterfr\u00e5gad administrativ avlastning f\u00f6r v\u00e5rdpersonalen. Samtidigt som patienten ges inblick i sin v\u00e5rd och p\u00e5 riktigt kan bidra och engagera sig i sitt eget h\u00e4lsotillst\u00e5nd.<\/p>\n<p>Presentationen fokuserade \u00e4ven p\u00e5 varf\u00f6r FRISQ riktar sig till v\u00e5rdens mest kritiska m\u00e5lgrupp, sv\u00e5ra och kroniskt sjuka patienter, som utg\u00f6r 80% av de totala kostnaderna. Vidare ber\u00e4ttade Martin om flera av de viktiga strategiska samarbeten som ing\u00e5tts under \u00e5ret och varf\u00f6r de ger FRISQ en unik position position b\u00e5de p\u00e5 den svenska och internationella marknaden.<\/p>\n<p>Avslutningsvis besvarades ett par fr\u00e5gor kring p\u00e5g\u00e5ende upphandlingar, den internationella expansionen och tj\u00e4nstens potential f\u00f6r att minska v\u00e5rdpersonalens administrativa tid. Fr\u00e5gor som kortfattat kan sammanfattas med att FRISQ under 2019 etablerats som en sj\u00e4lvklar del av den framtida v\u00e5rdl\u00f6sningen i Sverige med ett h\u00e4ndelserikt \u00e5r framf\u00f6r sig.<\/p>\n<h2>Hela presentationen finns att se h\u00e4r:<\/h2>\n<p><a href=\"https:\/\/youtu.be\/l6qlpWenuyY\" target=\"_blank\" rel=\"nofollow noopener noreferrer\">https:\/\/youtu.be\/l6qlpWenuyY<\/a><\/p>\n<script>\n                Array.prototype.slice.call(document.querySelectorAll(\".mfn-footer.mfn-attachment\")).forEach(function (el) { el.remove() });\n            <\/script>\n        <div class=\"mfn-attachments-container\"><\/div>","protected":false},"excerpt":{"rendered":"<p>Den 25e november deltog FRISQ p\u00e5 Aktiespararnas evenemang Stora Aktiedagen d\u00e4r bolagets vd Martin Irding presenterade FRISQ:s unika position p\u00e5 marknaden, hur Sveriges regioner sj\u00e4lva formulerat behovet av en produkt som FRISQ och om varf\u00f6r 2020 blir ett s\u00e5 h\u00e4ndelserikt \u00e5r.&nbsp; Under dagen presenterade Martin Irding FRISQ:s produkt och ber\u00e4ttade om hur den som f\u00f6rsta &hellip;<\/p>\n","protected":false},"template":"","class_list":["post-1384941","mfn_news","type-mfn_news","status-publish","hentry","mfn-news-tag-mfn-arkiv-press-frisq-holding_sv","mfn-news-tag-mfn-arkiv-rapporter-frisq-holding_sv","mfn-news-tag-mfn_sv","mfn-news-tag-mfn-type-pr_sv","mfn-news-tag-mfn-report_sv","mfn-news-tag-mfn-ci-gm-info_sv","mfn-news-tag-mfn-lang-sv_sv"],"acf":[],"aioseo_notices":[],"_links":{"self":[{"href":"https:\/\/nosaplugs.com\/sv\/wp-json\/wp\/v2\/mfn_news\/1384941","targetHints":{"allow":["GET"]}}],"collection":[{"href":"https:\/\/nosaplugs.com\/sv\/wp-json\/wp\/v2\/mfn_news"}],"about":[{"href":"https:\/\/nosaplugs.com\/sv\/wp-json\/wp\/v2\/types\/mfn_news"}],"version-history":[{"count":0,"href":"https:\/\/nosaplugs.com\/sv\/wp-json\/wp\/v2\/mfn_news\/1384941\/revisions"}],"wp:attachment":[{"href":"https:\/\/nosaplugs.com\/sv\/wp-json\/wp\/v2\/media?parent=1384941"}],"curies":[{"name":"wp","href":"https:\/\/api.w.org\/{rel}","templated":true}]}}