{"id":1394033,"date":"2026-02-06T09:46:00","date_gmt":"2026-02-06T08:46:00","guid":{"rendered":"https:\/\/nosaplugs.com\/sv\/blog\/mfn_news\/nosa-inleder-samarbete-med-abena-sverige-avseende-odor-control\/"},"modified":"2026-02-06T09:46:00","modified_gmt":"2026-02-06T08:46:00","slug":"nosa-inleder-samarbete-med-abena-sverige-avseende-odor-control","status":"publish","type":"mfn_news","link":"https:\/\/nosaplugs.com\/sv\/blog\/mfn_news\/nosa-inleder-samarbete-med-abena-sverige-avseende-odor-control\/","title":{"rendered":"NOSA inleder samarbete med Abena Sverige avseende Odor control"},"content":{"rendered":"<div class=\"mfn-preamble\">\n<p><strong>Nosa Plugs AB (publ) meddelar idag att bolagets luktreducerande produkt NOSA Odor control tas in av Abena Sverige och nu kommer att g\u00f6ras tillg\u00e4nglig f\u00f6r f\u00f6rs\u00e4ljning p\u00e5 den svenska marknaden genom Abena Sveriges etablerade distributionskanaler.<\/strong><\/p>\n<\/div>\n<div class=\"mfn-body\">\n<p>Odor control, en intranasal produkt framtagen f\u00f6r att effektivt reducera lukt utan att p\u00e5verka andningen, blir tillg\u00e4nglig f\u00f6r s\u00e5v\u00e4l Abenas offentliga som privata kunder i Sverige. Abena Sverige kommer att ansvara f\u00f6r distribution och f\u00f6rs\u00e4ljning till bland annat sjukhus, v\u00e5rdcentraler, \u00e4ldreomsorgsverksamheter, samt f\u00f6retag och organisationer d\u00e4r luktproblem p\u00e5verkar arbetsmilj\u00f6n.<\/p>\n<p>Abena \u00e4r en ledande leverant\u00f6r av v\u00e5rd- och hygienprodukter p\u00e5 den svenska marknaden. Globalt anst\u00e4ller man ca 2000 personer, varav 137 i Sverige. Abena s\u00e4ljer i dag \u00f6ver 30 000 produkter i sitt sortiment.\u00a0<\/p>\n<p>NOSA arbetar sedan tidigare med Abena i Danmark och Frankrike men ut\u00f6kar nu samarbetet till den svenska marknaden. Samarbetet med Abena Sverige \u00e4r ett led i att \u00f6ka penetrationen ytterligare p\u00e5 den Svenska marknaden.\u00a0<\/p>\n<p>\u201cDet \u00e4r med stor gl\u00e4dje vi nu kan tillk\u00e4nnage lanseringen av Odor control i Sverige tillsammans med Abena Sverige. Abena har en bred kundbas i Sverige som vi nu f\u00e5r access till,\u201d s\u00e4ger Adrian Liljefors, VD, Nosa Plugs AB.\u00a0<\/p>\n<p>NOSA Odor control s\u00e4ljs i 20 marknader globalt och \u00e4r en uppskattad l\u00f6sning hos professionella anv\u00e4ndare inom v\u00e5rd och omsorg, polis och ambulans.\u00a0<\/p>\n<\/div>\n<div class=\"mfn-footer mfn-contacts mfn-59819e40bc64\">\n<p><strong class=\"mfn-heading-1\">F\u00f6r ytterligare information:<\/strong><\/p>\n<hr \/>\n<p>Adrian Liljefors, VD Nosa Plugs AB<br \/>E-mail:\u00a0<a href=\"mailto:investor@nosaplugs.com\" rel=\"noopener\" target=\"_blank\">investor@nosaplugs.com<\/a><\/p>\n<\/div>\n<div class=\"mfn-footer mfn-about mfn-2048c8673599\">\n<p><strong class=\"mfn-heading-1\">Kort om NOSA:<\/strong><\/p>\n<hr \/>\n<p>NOSA Plugs AB (publ) \u00e4r ett svenskt medicintekniskt bolag som sedan 2023\/03\/16 \u00e4r noterat p\u00e5 Nasdaq First North Growth Market under ticker &#034;NOSA&#034;. FNCA Sweden AB \u00e4r Certified Adviser.<\/p>\n<p>NOSAs pressmeddelanden finns tillg\u00e4ngliga p\u00e5\u00a0<a href=\"https:\/\/nosaplugs.com\/sv\/investerare\/\" rel=\"noopener\" target=\"_blank\">https:\/\/nosaplugs.com\/sv\/investerare\/<\/a><\/p>\n<\/div>\n<div class=\"mfn-footer mfn-attachment mfn-attachment-general\">\n<p><strong class=\"mfn-heading-1\">Bifogade filer<\/strong><\/p>\n<hr \/>\n<p><a class=\"mfn-generated mfn-primary\" href=\"https:\/\/storage.mfn.se\/4fa22117-e5ae-467e-848c-ddef1f90bf3b\/nosa-inleder-samarbete-med-abena-sverige-avseende-odor-control.pdf\" rel=\"noopener\" target=\"_blank\">NOSA inleder samarbete med Abena Sverige avseende Odor control<\/a><\/p>\n<\/div>\n<script>\n                Array.prototype.slice.call(document.querySelectorAll(\".mfn-footer.mfn-attachment\")).forEach(function (el) { el.remove() });\n            <\/script>\n        <div class=\"mfn-attachments-container\"><div class=\"mfn-attachment\"><a class=\"mfn-attachment-link\" href=\"https:\/\/storage.mfn.se\/4fa22117-e5ae-467e-848c-ddef1f90bf3b\/nosa-inleder-samarbete-med-abena-sverige-avseende-odor-control.pdf\"><span class=\"mfn-attachment-icon\"><img decoding=\"async\" src=\"https:\/\/storage.mfn.se\/4fa22117-e5ae-467e-848c-ddef1f90bf3b\/nosa-inleder-samarbete-med-abena-sverige-avseende-odor-control.pdf?type=jpg\"><\/span>NOSA inleder samarbete med Abena Sverige avseende Odor control<\/a><\/div><\/div>","protected":false},"excerpt":{"rendered":"<p>Nosa Plugs AB (publ) meddelar idag att bolagets luktreducerande produkt NOSA Odor control tas in av Abena Sverige och nu kommer att g\u00f6ras tillg\u00e4nglig f\u00f6r f\u00f6rs\u00e4ljning p\u00e5 den svenska marknaden genom Abena Sveriges etablerade distributionskanaler. Odor control, en intranasal produkt framtagen f\u00f6r att effektivt reducera lukt utan att p\u00e5verka andningen, blir tillg\u00e4nglig f\u00f6r s\u00e5v\u00e4l Abenas &hellip;<\/p>\n","protected":false},"template":"","class_list":["post-1394033","mfn_news","type-mfn_news","status-publish","hentry","mfn-news-tag-mfn-ci","mfn-news-tag-mfn-type-ir","mfn-news-tag-mfn-cus-nosa","mfn-news-tag-mfn-ext-nq","mfn-news-tag-mfn-ext-nq-company-announcement","mfn-news-tag-mfn","mfn-news-tag-mfn-ci-other","mfn-news-tag-mfn-lang-sv"],"acf":[],"aioseo_notices":[],"_links":{"self":[{"href":"https:\/\/nosaplugs.com\/sv\/wp-json\/wp\/v2\/mfn_news\/1394033","targetHints":{"allow":["GET"]}}],"collection":[{"href":"https:\/\/nosaplugs.com\/sv\/wp-json\/wp\/v2\/mfn_news"}],"about":[{"href":"https:\/\/nosaplugs.com\/sv\/wp-json\/wp\/v2\/types\/mfn_news"}],"version-history":[{"count":0,"href":"https:\/\/nosaplugs.com\/sv\/wp-json\/wp\/v2\/mfn_news\/1394033\/revisions"}],"wp:attachment":[{"href":"https:\/\/nosaplugs.com\/sv\/wp-json\/wp\/v2\/media?parent=1394033"}],"curies":[{"name":"wp","href":"https:\/\/api.w.org\/{rel}","templated":true}]}}